{"id":969,"date":"2021-04-03T13:07:34","date_gmt":"2021-04-03T11:07:34","guid":{"rendered":"https:\/\/asca.ro\/?p=969"},"modified":"2021-04-03T13:07:34","modified_gmt":"2021-04-03T11:07:34","slug":"licitatie-cu-tricourile-lui-hagi-dukadam-si-cristina-neagu","status":"publish","type":"post","link":"https:\/\/asca.ro\/ro\/licitatie-cu-tricourile-lui-hagi-dukadam-si-cristina-neagu\/","title":{"rendered":"Licita\u0163ie cu tricourile lui Hagi, Dukadam \u015fi Cristina Neagu"},"content":{"rendered":"\n<p>De Ziua Interna\u021bional\u0103 a con\u0219tientiz\u0103rii AUTISMULUI au fost scoase la licita\u0163ie mai multe tricouri ale unor sportivi celebri din Rom\u00e2nia. Licita\u0163ia este organizat\u0103 de Asocia\u021bia Sf\u00e2ntul Casian din Media\u0219, organiza\u021bie \u00eenfiin\u021bat\u0103 de c\u0103tre p\u0103rin\u021bii unor copii care sufer\u0103 de autism, TSA, ADHD, retard \u00een dezvoltare.<\/p>\n\n\n\n<p>Sunt scoase la licita\u0163ie tricouri care au apar\u0163inut lui Gheorghe Hagi, Cristina Neagu \u015fi m\u0103nu\u015fiile lui Helmut Dukadam.<\/p>\n\n\n\n<p>Sursa: <a href=\"https:\/\/www.mirceahodarnau.ro\/licitatie-cu-tricourile-lui-hagi-dukadam-si-cristina-neagu\/\" data-type=\"URL\" data-id=\"https:\/\/www.mirceahodarnau.ro\/licitatie-cu-tricourile-lui-hagi-dukadam-si-cristina-neagu\/\">mirceahodarnau.ro<\/a><\/p>\n","protected":false},"excerpt":{"rendered":"<p>De Ziua Interna\u021bional\u0103 a con\u0219tientiz\u0103rii AUTISMULUI au fost scoase la licita\u0163ie mai multe tricouri ale unor sportivi celebri din Rom\u00e2nia. Licita\u0163ia este organizat\u0103 de Asocia\u021bia Sf\u00e2ntul Casian din Media\u0219, organiza\u021bie \u00eenfiin\u021bat\u0103 de c\u0103tre p\u0103rin\u021bii unor copii care sufer\u0103 de autism, TSA, ADHD, retard \u00een dezvoltare. Sunt scoase la licita\u0163ie tricouri care au apar\u0163inut lui Gheorghe &hellip; <\/p>\n<p class=\"link-more\"><a href=\"https:\/\/asca.ro\/ro\/licitatie-cu-tricourile-lui-hagi-dukadam-si-cristina-neagu\/\" class=\"more-link\">Continue reading<span class=\"screen-reader-text\"> &#8222;Licita\u0163ie cu tricourile lui Hagi, Dukadam \u015fi Cristina Neagu&#8221;<\/span><\/a><\/p>\n","protected":false},"author":2,"featured_media":0,"comment_status":"open","ping_status":"open","sticky":false,"template":"","format":"standard","meta":{"give_campaign_id":0,"footnotes":""},"categories":[1],"tags":[],"class_list":["post-969","post","type-post","status-publish","format-standard","hentry","category-fara-categorie"],"_links":{"self":[{"href":"https:\/\/asca.ro\/ro\/wp-json\/wp\/v2\/posts\/969","targetHints":{"allow":["GET"]}}],"collection":[{"href":"https:\/\/asca.ro\/ro\/wp-json\/wp\/v2\/posts"}],"about":[{"href":"https:\/\/asca.ro\/ro\/wp-json\/wp\/v2\/types\/post"}],"author":[{"embeddable":true,"href":"https:\/\/asca.ro\/ro\/wp-json\/wp\/v2\/users\/2"}],"replies":[{"embeddable":true,"href":"https:\/\/asca.ro\/ro\/wp-json\/wp\/v2\/comments?post=969"}],"version-history":[{"count":1,"href":"https:\/\/asca.ro\/ro\/wp-json\/wp\/v2\/posts\/969\/revisions"}],"predecessor-version":[{"id":970,"href":"https:\/\/asca.ro\/ro\/wp-json\/wp\/v2\/posts\/969\/revisions\/970"}],"wp:attachment":[{"href":"https:\/\/asca.ro\/ro\/wp-json\/wp\/v2\/media?parent=969"}],"wp:term":[{"taxonomy":"category","embeddable":true,"href":"https:\/\/asca.ro\/ro\/wp-json\/wp\/v2\/categories?post=969"},{"taxonomy":"post_tag","embeddable":true,"href":"https:\/\/asca.ro\/ro\/wp-json\/wp\/v2\/tags?post=969"}],"curies":[{"name":"wp","href":"https:\/\/api.w.org\/{rel}","templated":true}]}}