{"id":707,"date":"2020-11-23T12:33:23","date_gmt":"2020-11-23T12:33:23","guid":{"rendered":"https:\/\/asca.ro\/playschool-for-the-cildren-2\/"},"modified":"2020-11-25T12:33:01","modified_gmt":"2020-11-25T12:33:01","slug":"playschool-for-the-cildren-2","status":"publish","type":"post","link":"https:\/\/asca.ro\/ro\/playschool-for-the-cildren-2\/","title":{"rendered":"Copiii cu autism din Media\u0219 vor avea o alee senzorial\u0103"},"content":{"rendered":"<p>Proiect extrem de interesant \u00een Media\u0219. Crucea Ro\u015fie Media\u015f \u00ee\u015fi propune amenajarea unei alei senzoriale pentru copiii cu autism, \u00een incinta Centrului de Zi pentru copii cu tulbur\u0103ri din spectrul autist Sf\u00e2ntul Casian din Media\u0219.<\/p>\n<p>Aleea ar urma s\u0103 aib\u0103 o lungime de aproximativ 30 de metri li va fi realizat\u0103 cu materiale din natur\u0103, unde drume\u0163ia \u00een picioarele goale pe por\u021biuni cu nisip, pietri\u015f de diferite m\u0103rimi \u0219i forme, conuri de brad, scoar\u021b\u0103 de copac, rumegu\u015f, bu\u015fteni, iarb\u0103 \u0219i coceni de porumb s\u0103 fie o modalitate de relaxare \u015fi terapie pentru ace\u015ftia.<\/p>\n<div class=\"google-auto-placed ap_container\">\n<p>Beneficiarii direc\u021bi ai serviciilor oferite \u00een cadrul acestui proiect sunt cei 15 copii \u00eenscri\u0219i la momentul actual la Centrul de Zi pentru copii cu tulbur\u0103ri din spectrul autist Sf\u00e2ntul Casian, cei 53 de copii care vor trece pragul Centrului, precum \u0219i \u00a0copii sau persoane cu dizabilit\u0103\u0163i senzoriale, fizice \u015fi multiple.<\/p>\n<p>Cheltuieli vor exista numai cu materialele de construc\u021bii, vegeta\u021bie \u015fi consumabile, totaliz\u00e2nd aproximativ 5.000 de Lei. Proiectarea \u0219i realizarea aleii se face prin munc\u0103 voluntar\u0103. Crucea Ro\u0219ie Media\u0219 a propus \u00een acest an proiectul aleii senzoriale, proiect care s-a calificat pentru participarea la Maratonul Interna\u021bional de la Sibiu.\u00a0<\/p>\n<p>Exist\u0103 dou\u0103 moduri \u00een care cei interesa\u021bi pot contribui. Alerg\u0103torii care doresc s\u0103 se \u00eenscrie \u00een competi\u021bii aleg proiectul aleii senzoriale pe care \u00eel sus\u021bin prin taxa de participare \u0219i prin mobilizarea unui cerc de sus\u021bin\u0103tori care \u00eemp\u0103rt\u0103\u0219esc aceea\u015fi dorin\u021b\u0103. De asemenea, dac\u0103 nu participa\u021bi la Maraton, consulta\u021bi lista celor care alearg\u0103 pentru cauza Crucii Ro\u0219ii Media\u0219 \u0219i alege\u021bi pe cine sus\u021bine\u021bi cu o sum\u0103 de bani.<\/p>\n<p>\u00cen Media\u0219 s-a \u00eenfiin\u021bat de cur\u00e2nd Centrul de zi pentru copii cu tulbur\u0103ri din spectrul autist Sf\u00e2ntul Casian, \u00een a c\u0103rui activitate aleea senzorial\u0103 ar reprezenta o unealt\u0103 eficient\u0103 de recuperare.<\/p>\n<p>Mersul \u00een picioarele goale ajut\u0103 la eliberarea sentimentelor negative \u0219i restaurarea echilibrului organic \u0219i intelectual, contribuie la eliberarea de presiune psihologic\u0103.\u00a0Prin crearea aleii senzoriale, Crucea Ro\u0219ie \u00ee\u0219i dore\u0219te ca ace\u0219ti copiii cu autism s\u0103 urmeze programe intensive de terapie care duc la o recuperare func\u0163ional\u0103 a \u00eent\u00e2rzierilor \u00een dezvoltare \u015fi la adaptarea acestora la mediul \u00een care tr\u0103iesc, \u00een special cu mediul \u00eenconjur\u0103tor.<\/p>\n<p>Totodat\u0103 se sper\u0103 \u00een schimbarea atitudinii \u015fi comportamentului copiilor fa\u0163\u0103 de cei din jur, c\u0103 vor \u00eencepe s\u0103 fie mai aten\u0163i, mai toleran\u0163i \u015fi mai interesa\u0163i de mediul \u00eenconjur\u0103tor, c\u0103 se vor forma noi abilit\u0103\u0163i \u015fi cuno\u015ftin\u0163e \u0219i \u00een final, la modificarea st\u0103rii psihice a copiilor, adic\u0103 s\u0103 devin\u0103 ferici\u021bi.<\/p>\n<p>Sursa: <a href=\"https:\/\/www.tribuna.ro\/stiri\/actualitate\/copiii-cu-autism-din-medias-vor-avea-o-alee-senzoriala-150949.html\">Tribuna<\/a><\/p>\n<\/div>\n\n\n<p><\/p>\n","protected":false},"excerpt":{"rendered":"<p>Proiect extrem de interesant \u00een Media\u0219. Crucea Ro\u015fie Media\u015f \u00ee\u015fi propune amenajarea unei alei senzoriale pentru copiii cu autism, \u00een incinta Centrului de Zi pentru copii cu tulbur\u0103ri din spectrul autist Sf\u00e2ntul Casian din Media\u0219. Aleea ar urma s\u0103 aib\u0103 o lungime de aproximativ 30 de metri li va fi realizat\u0103 cu materiale din natur\u0103, &hellip; <\/p>\n<p class=\"link-more\"><a href=\"https:\/\/asca.ro\/ro\/playschool-for-the-cildren-2\/\" class=\"more-link\">Continue reading<span class=\"screen-reader-text\"> &#8222;Copiii cu autism din Media\u0219 vor avea o alee senzorial\u0103&#8221;<\/span><\/a><\/p>\n","protected":false},"author":2,"featured_media":708,"comment_status":"open","ping_status":"open","sticky":false,"template":"","format":"standard","meta":{"give_campaign_id":0,"footnotes":""},"categories":[1],"tags":[],"class_list":["post-707","post","type-post","status-publish","format-standard","has-post-thumbnail","hentry","category-fara-categorie"],"_links":{"self":[{"href":"https:\/\/asca.ro\/ro\/wp-json\/wp\/v2\/posts\/707","targetHints":{"allow":["GET"]}}],"collection":[{"href":"https:\/\/asca.ro\/ro\/wp-json\/wp\/v2\/posts"}],"about":[{"href":"https:\/\/asca.ro\/ro\/wp-json\/wp\/v2\/types\/post"}],"author":[{"embeddable":true,"href":"https:\/\/asca.ro\/ro\/wp-json\/wp\/v2\/users\/2"}],"replies":[{"embeddable":true,"href":"https:\/\/asca.ro\/ro\/wp-json\/wp\/v2\/comments?post=707"}],"version-history":[{"count":1,"href":"https:\/\/asca.ro\/ro\/wp-json\/wp\/v2\/posts\/707\/revisions"}],"predecessor-version":[{"id":916,"href":"https:\/\/asca.ro\/ro\/wp-json\/wp\/v2\/posts\/707\/revisions\/916"}],"wp:featuredmedia":[{"embeddable":true,"href":"https:\/\/asca.ro\/ro\/wp-json\/wp\/v2\/media\/708"}],"wp:attachment":[{"href":"https:\/\/asca.ro\/ro\/wp-json\/wp\/v2\/media?parent=707"}],"wp:term":[{"taxonomy":"category","embeddable":true,"href":"https:\/\/asca.ro\/ro\/wp-json\/wp\/v2\/categories?post=707"},{"taxonomy":"post_tag","embeddable":true,"href":"https:\/\/asca.ro\/ro\/wp-json\/wp\/v2\/tags?post=707"}],"curies":[{"name":"wp","href":"https:\/\/api.w.org\/{rel}","templated":true}]}}