{"id":673,"date":"2022-11-13T19:21:38","date_gmt":"2022-11-13T17:21:38","guid":{"rendered":"https:\/\/asca.ro\/fundraising-started\/"},"modified":"2025-04-14T23:46:22","modified_gmt":"2025-04-14T21:46:22","slug":"fundraising-started","status":"publish","type":"post","link":"https:\/\/asca.ro\/en\/fundraising-started\/","title":{"rendered":"Maraton Interna\u021bional Sibiu 2025"},"content":{"rendered":"<figure class=\"wp-block-image size-full is-resized\"><img loading=\"lazy\" decoding=\"async\" width=\"480\" height=\"320\" src=\"https:\/\/asca.ro\/wp-content\/uploads\/2022\/11\/DSC_2749_0.jpg\" alt=\"\" class=\"wp-image-1446\" style=\"width:572px;height:auto\" srcset=\"https:\/\/asca.ro\/wp-content\/uploads\/2022\/11\/DSC_2749_0.jpg 480w, https:\/\/asca.ro\/wp-content\/uploads\/2022\/11\/DSC_2749_0-300x200.jpg 300w, https:\/\/asca.ro\/wp-content\/uploads\/2022\/11\/DSC_2749_0-18x12.jpg 18w\" sizes=\"auto, (max-width: 480px) 100vw, 480px\" \/><\/figure>\n\n\n\n<p>Hei, oameni minuna\u021bi,ve\u0219tile bune continu\u0103.Ne bucur\u0103m c\u0103 \u0219i anul acesta particip\u0103m la Maratonul International Sibiu cu proiectul \u00cenvingem autismul &#8211; Drumul spre victorie edi\u021bia a II-a.Rug\u0103m pe to\u021bi care doresc s\u0103 sprijine \u00een mod activ copiii cu autism de la Centrul Sfantul Casian Medias s\u0103 se inscrie sau s\u0103 sus\u021bin\u0103 alerg\u0103torii.<br>https:\/\/maratonsibiu.ro\/ro\/2025\/proiect\/invingem-autismul-drumul-spre-victorie-editia-ii<\/p>\n\n\n\n<p><br>\u00cempreun\u0103 luptam cu autismul \u2764\ufe0f<\/p>","protected":false},"excerpt":{"rendered":"<p>Hei, oameni minuna\u021bi,ve\u0219tile bune continu\u0103.Ne bucur\u0103m c\u0103 \u0219i anul acesta particip\u0103m la Maratonul International Sibiu cu proiectul \u00cenvingem autismul &#8211; Drumul spre victorie edi\u021bia a II-a.Rug\u0103m pe to\u021bi care doresc s\u0103 sprijine \u00een mod activ copiii cu autism de la Centrul Sfantul Casian Medias s\u0103 se inscrie sau s\u0103 sus\u021bin\u0103 alerg\u0103torii.https:\/\/maratonsibiu.ro\/ro\/2025\/proiect\/invingem-autismul-drumul-spre-victorie-editia-ii \u00cempreun\u0103 luptam cu autismul &hellip; <\/p>\n<p class=\"link-more\"><a href=\"https:\/\/asca.ro\/en\/fundraising-started\/\" class=\"more-link\">Continue reading<span class=\"screen-reader-text\"> &#8222;Maraton Interna\u021bional Sibiu 2025&#8221;<\/span><\/a><\/p>","protected":false},"author":2,"featured_media":674,"comment_status":"open","ping_status":"open","sticky":true,"template":"","format":"standard","meta":{"give_campaign_id":0,"footnotes":""},"categories":[1],"tags":[],"class_list":["post-673","post","type-post","status-publish","format-standard","has-post-thumbnail","hentry","category-fara-categorie"],"_links":{"self":[{"href":"https:\/\/asca.ro\/en\/wp-json\/wp\/v2\/posts\/673","targetHints":{"allow":["GET"]}}],"collection":[{"href":"https:\/\/asca.ro\/en\/wp-json\/wp\/v2\/posts"}],"about":[{"href":"https:\/\/asca.ro\/en\/wp-json\/wp\/v2\/types\/post"}],"author":[{"embeddable":true,"href":"https:\/\/asca.ro\/en\/wp-json\/wp\/v2\/users\/2"}],"replies":[{"embeddable":true,"href":"https:\/\/asca.ro\/en\/wp-json\/wp\/v2\/comments?post=673"}],"version-history":[{"count":3,"href":"https:\/\/asca.ro\/en\/wp-json\/wp\/v2\/posts\/673\/revisions"}],"predecessor-version":[{"id":1447,"href":"https:\/\/asca.ro\/en\/wp-json\/wp\/v2\/posts\/673\/revisions\/1447"}],"wp:featuredmedia":[{"embeddable":true,"href":"https:\/\/asca.ro\/en\/wp-json\/wp\/v2\/media\/674"}],"wp:attachment":[{"href":"https:\/\/asca.ro\/en\/wp-json\/wp\/v2\/media?parent=673"}],"wp:term":[{"taxonomy":"category","embeddable":true,"href":"https:\/\/asca.ro\/en\/wp-json\/wp\/v2\/categories?post=673"},{"taxonomy":"post_tag","embeddable":true,"href":"https:\/\/asca.ro\/en\/wp-json\/wp\/v2\/tags?post=673"}],"curies":[{"name":"wp","href":"https:\/\/api.w.org\/{rel}","templated":true}]}}